{"id":687,"date":"2016-04-02T01:58:47","date_gmt":"2016-04-02T04:58:47","guid":{"rendered":"http:\/\/www.area75.com.ar\/blog\/?p=687"},"modified":"2021-09-07T02:00:24","modified_gmt":"2021-09-07T05:00:24","slug":"2016-ford-focus-turismo-nacional-clase-3-ivan-saturni","status":"publish","type":"post","link":"https:\/\/www.area75.com.ar\/blog\/2016\/04\/02\/2016-ford-focus-turismo-nacional-clase-3-ivan-saturni\/","title":{"rendered":"2016 Ford Focus Turismo Nacional Clase 3 \u2013 Ivan Saturni"},"content":{"rendered":"<p>El piloto de\u00a0<strong>Turismo Nacional Clase 3<\/strong>\u00a0<strong>Iv\u00e1n Saturn\u00ed<\/strong>\u00a0encarg\u00f3 a area75\u00a0un\u00a0redise\u00f1o express de su Ford Focus,\u00a0tomando de base el esquema que ven\u00eda utilizando.<br \/>\nSe repens\u00f3 la colocaci\u00f3n de color y cortes para aligerar el aspecto del auto, hacerlo m\u00e1s agresivo, e integrar mejor los logos de los sponsors, de colores y estilos muy diversos.<br \/>\nLos z\u00f3calos negros combinados con las llantas blancas afirman mejor al auto que la combinaci\u00f3n inversa que ven\u00eda utilizando (bajos completamente blancos con llantas negras<span class=\"text_exposed_show\">).<br \/>\nEl blanco se redujo a las aletas, como continuidad de las ruedas, y para separar los espacios de esponsoreo.<br \/>\nCapot y techo se mantuvieron con el dise\u00f1o precedente, dado que se hab\u00edan trabajado con el sponsor poco tiempo antes.<\/span><\/p>\n","protected":false},"excerpt":{"rendered":"<p>El piloto de Turismo Nacional Clase 3 Iv\u00e1n Saturn\u00ed encarg\u00f3 a area75 un redise\u00f1o express de su Ford Focus, tomando de base el esquema que ven\u00eda utilizando.<br \/>\nSe repens\u00f3 la colocaci\u00f3n de color y cortes para aligerar el aspecto del auto, hacerlo m\u00e1s agresivo, e integrar mejor los logos de los sponsors, de colores y estilos muy diversos.<br \/>\nLos z\u00f3calos negros combinados con las llantas blancas afirman mejor al auto que la combinaci\u00f3n inversa que ven\u00eda utilizando (bajos completamente blancos con llantas negras).<br \/>\nEl blanco se redujo a las aletas, como continuidad de las ruedas, y para separar los espacios de esponsoreo.<br \/>\nCapot y techo se mantuvieron con el dise\u00f1o precedente, dado que se hab\u00edan trabajado con el sponsor poco tiempo antes.<\/p>\n","protected":false},"author":1,"featured_media":0,"comment_status":"open","ping_status":"open","sticky":false,"template":"","format":"standard","meta":{"footnotes":""},"categories":[269,272],"tags":[41,280,281,282,330,331],"class_list":["post-687","post","type-post","status-publish","format-standard","hentry","category-racing-livery","category-tn-turismo-nacional","tag-ford","tag-tn","tag-turismo-nacional","tag-tn-clase-3","tag-ford-focus","tag-ivan-saturni"],"aioseo_notices":[],"_links":{"self":[{"href":"https:\/\/www.area75.com.ar\/blog\/wp-json\/wp\/v2\/posts\/687","targetHints":{"allow":["GET"]}}],"collection":[{"href":"https:\/\/www.area75.com.ar\/blog\/wp-json\/wp\/v2\/posts"}],"about":[{"href":"https:\/\/www.area75.com.ar\/blog\/wp-json\/wp\/v2\/types\/post"}],"author":[{"embeddable":true,"href":"https:\/\/www.area75.com.ar\/blog\/wp-json\/wp\/v2\/users\/1"}],"replies":[{"embeddable":true,"href":"https:\/\/www.area75.com.ar\/blog\/wp-json\/wp\/v2\/comments?post=687"}],"version-history":[{"count":1,"href":"https:\/\/www.area75.com.ar\/blog\/wp-json\/wp\/v2\/posts\/687\/revisions"}],"predecessor-version":[{"id":689,"href":"https:\/\/www.area75.com.ar\/blog\/wp-json\/wp\/v2\/posts\/687\/revisions\/689"}],"wp:attachment":[{"href":"https:\/\/www.area75.com.ar\/blog\/wp-json\/wp\/v2\/media?parent=687"}],"wp:term":[{"taxonomy":"category","embeddable":true,"href":"https:\/\/www.area75.com.ar\/blog\/wp-json\/wp\/v2\/categories?post=687"},{"taxonomy":"post_tag","embeddable":true,"href":"https:\/\/www.area75.com.ar\/blog\/wp-json\/wp\/v2\/tags?post=687"}],"curies":[{"name":"wp","href":"https:\/\/api.w.org\/{rel}","templated":true}]}}